{"id":2631,"date":"2023-04-20T13:58:33","date_gmt":"2023-04-20T11:58:33","guid":{"rendered":"https:\/\/europ-age.eu\/?p=2631"},"modified":"2023-07-09T13:53:17","modified_gmt":"2023-07-09T11:53:17","slug":"chance-fuer-senioren-digitalpakt-alter-geht-bis-2025-weiter-auch-europage-mit-lernangeboten-dabei","status":"publish","type":"post","link":"https:\/\/europ-age.eu\/fr\/chance-fuer-senioren-digitalpakt-alter-geht-bis-2025-weiter-auch-europage-mit-lernangeboten-dabei\/","title":{"rendered":"Pacte num\u00e9rique: l&rsquo;initiative prolong\u00e9e jusqu&rsquo;en 2025"},"content":{"rendered":"<p><img loading=\"lazy\" decoding=\"async\" class=\"size-medium wp-image-2838 alignright\" src=\"https:\/\/europ-age.eu\/wp-content\/uploads\/2023\/07\/Jeunes-et-vieux-digitalisation-1--scaled-e1688653097221-300x225.jpg\" alt=\"\" width=\"300\" height=\"225\" srcset=\"https:\/\/europ-age.eu\/wp-content\/uploads\/2023\/07\/Jeunes-et-vieux-digitalisation-1--scaled-e1688653097221-300x225.jpg 300w, https:\/\/europ-age.eu\/wp-content\/uploads\/2023\/07\/Jeunes-et-vieux-digitalisation-1--scaled-e1688653097221-1024x768.jpg 1024w, https:\/\/europ-age.eu\/wp-content\/uploads\/2023\/07\/Jeunes-et-vieux-digitalisation-1--scaled-e1688653097221-768x576.jpg 768w, https:\/\/europ-age.eu\/wp-content\/uploads\/2023\/07\/Jeunes-et-vieux-digitalisation-1--scaled-e1688653097221.jpg 1200w\" sizes=\"auto, (max-width: 300px) 100vw, 300px\" \/><\/p>\n<p>Qu&rsquo;il s&rsquo;agisse d&rsquo;un appel vid\u00e9o avec les petits-enfants, d&rsquo;un service de livraison de denr\u00e9es alimentaires par Internet ou d&rsquo;une consultation en ligne avec le bureau des citoyens ou le cabinet m\u00e9dical. Dans de nombreux domaines, la num\u00e9risation croissante facilite \u00e9galement la vie des seniors.<br \/>\nC&rsquo;est pourquoi la ministre f\u00e9d\u00e9rale de la Famille Lisa Paus (Verts) ainsi que la pr\u00e9sidente de la BAGSO et ex-ministre sarroise Regina G\u00f6rner (CDU) ont r\u00e9cemment lanc\u00e9 la nouvelle phase de promotion du \u00ab\u00a0Pacte num\u00e9rique pour les personnes \u00e2g\u00e9es\u00a0\u00bb, \u00e0 laquelle participent \u00e9galement la Sarre et son ministre des Affaires sociales Magnus Jung (SPD) ainsi que le conseil des seniors du Land et Europ&rsquo;age. L&rsquo;alliance doit permettre aux personnes \u00e2g\u00e9es de onze L\u00e4nder au total de mieux pr\u00e9parer les personnes \u00e2g\u00e9es \u00e0 l&rsquo;avenir num\u00e9rique. Jusqu&rsquo;en 2025, le minist\u00e8re f\u00e9d\u00e9ral des personnes \u00e2g\u00e9es veut soutenir les personnes \u00e2g\u00e9es avec plus de 3,1 millions d&rsquo;euros pour qu&rsquo;elles acqui\u00e8rent un meilleur savoir-faire dans le monde num\u00e9rique des PC, de l&rsquo;Internet, des smartphones et des m\u00e9dias sociaux. Europ&rsquo;age Saar-Lor-Lux propose d\u00e9j\u00e0 depuis des ann\u00e9es deux fois par mois un \u00ab\u00a0PC-Kr\u00e4nzchen\u00a0\u00bb dans l&rsquo;ancien h\u00f4tel de ville de Sarrebruck. En 2023, une nouvelle table ronde DIGI est venue s&rsquo;ajoouter \u00e0 l&rsquo;offre existante. [:fr ]Qu&rsquo;il s&rsquo;agisse d&rsquo;un appel vid\u00e9o avec les petits-enfants, d&rsquo;un service de livraison de denr\u00e9es alimentaires par Internet ou d&rsquo;une consultation en ligne avec le bureau des citoyens ou le cabinet m\u00e9dical. Dans de nombreux domaines, la num\u00e9risation croissante facilite \u00e9galement la vie des seniors.<br \/>\nC&rsquo;est pourquoi la ministre f\u00e9d\u00e9rale de la Famille Lisa Paus (Verts) ainsi que la pr\u00e9sidente de la BAGSO et ex-ministre sarroise Regina G\u00f6rner (CDU) ont r\u00e9cemment lanc\u00e9 la nouvelle phase de promotion du \u00ab\u00a0Pacte num\u00e9rique pour les personnes \u00e2g\u00e9es\u00a0\u00bb, \u00e0 laquelle participent \u00e9galement la Sarre et son ministre des Affaires sociales Magnus Jung (SPD) ainsi que le conseil des seniors du Land et Europ&rsquo;age. L&rsquo;alliance doit permettre aux personnes \u00e2g\u00e9es de onze L\u00e4nder au total de mieux pr\u00e9parer les personnes \u00e2g\u00e9es \u00e0 l&rsquo;avenir num\u00e9rique. Jusqu&rsquo;en 2025, le minist\u00e8re f\u00e9d\u00e9ral des personnes \u00e2g\u00e9es veut soutenir les personnes \u00e2g\u00e9es avec plus de 3,1 millions d&rsquo;euros pour qu&rsquo;elles acqui\u00e8rent un meilleur savoir-faire dans le monde num\u00e9rique des PC, de l&rsquo;Internet, des smartphones et des m\u00e9dias sociaux. Europ&rsquo;age Saar-Lor-Lux propose d\u00e9j\u00e0 depuis des ann\u00e9es deux fois par mois un \u00ab\u00a0PC-Kr\u00e4nzchen\u00a0\u00bb dans l&rsquo;ancien h\u00f4tel de ville de Sarrebruck. En 2023, une nouvelle table ronde DIGI est venue s&rsquo;ajouter \u00e0 l&rsquo;offre existante.<\/p>","protected":false},"excerpt":{"rendered":"<p>Qu&rsquo;il s&rsquo;agisse d&rsquo;un appel vid\u00e9o avec les petits-enfants, d&rsquo;un service de livraison de denr\u00e9es alimentaires par Internet ou d&rsquo;une consultation en ligne avec le bureau des citoyens ou le cabinet [&hellip;]<\/p>\n","protected":false},"author":3,"featured_media":0,"comment_status":"closed","ping_status":"closed","sticky":false,"template":"","format":"gallery","meta":{"ocean_post_layout":"","ocean_both_sidebars_style":"","ocean_both_sidebars_content_width":0,"ocean_both_sidebars_sidebars_width":0,"ocean_sidebar":"0","ocean_second_sidebar":"0","ocean_disable_margins":"enable","ocean_add_body_class":"","ocean_shortcode_before_top_bar":"","ocean_shortcode_after_top_bar":"","ocean_shortcode_before_header":"","ocean_shortcode_after_header":"","ocean_has_shortcode":"","ocean_shortcode_after_title":"","ocean_shortcode_before_footer_widgets":"","ocean_shortcode_after_footer_widgets":"","ocean_shortcode_before_footer_bottom":"","ocean_shortcode_after_footer_bottom":"","ocean_display_top_bar":"default","ocean_display_header":"default","ocean_header_style":"","ocean_center_header_left_menu":"0","ocean_custom_header_template":"0","ocean_custom_logo":1958,"ocean_custom_retina_logo":0,"ocean_custom_logo_max_width":0,"ocean_custom_logo_tablet_max_width":0,"ocean_custom_logo_mobile_max_width":0,"ocean_custom_logo_max_height":0,"ocean_custom_logo_tablet_max_height":0,"ocean_custom_logo_mobile_max_height":0,"ocean_header_custom_menu":"0","ocean_menu_typo_font_family":"0","ocean_menu_typo_font_subset":"","ocean_menu_typo_font_size":0,"ocean_menu_typo_font_size_tablet":0,"ocean_menu_typo_font_size_mobile":0,"ocean_menu_typo_font_size_unit":"px","ocean_menu_typo_font_weight":"","ocean_menu_typo_font_weight_tablet":"","ocean_menu_typo_font_weight_mobile":"","ocean_menu_typo_transform":"","ocean_menu_typo_transform_tablet":"","ocean_menu_typo_transform_mobile":"","ocean_menu_typo_line_height":0,"ocean_menu_typo_line_height_tablet":0,"ocean_menu_typo_line_height_mobile":0,"ocean_menu_typo_line_height_unit":"","ocean_menu_typo_spacing":0,"ocean_menu_typo_spacing_tablet":0,"ocean_menu_typo_spacing_mobile":0,"ocean_menu_typo_spacing_unit":"","ocean_menu_link_color":"","ocean_menu_link_color_hover":"","ocean_menu_link_color_active":"","ocean_menu_link_background":"","ocean_menu_link_hover_background":"","ocean_menu_link_active_background":"","ocean_menu_social_links_bg":"","ocean_menu_social_hover_links_bg":"","ocean_menu_social_links_color":"","ocean_menu_social_hover_links_color":"","ocean_disable_title":"default","ocean_disable_heading":"default","ocean_post_title":"","ocean_post_subheading":"","ocean_post_title_style":"","ocean_post_title_background_color":"","ocean_post_title_background":0,"ocean_post_title_bg_image_position":"","ocean_post_title_bg_image_attachment":"","ocean_post_title_bg_image_repeat":"","ocean_post_title_bg_image_size":"","ocean_post_title_height":0,"ocean_post_title_bg_overlay":0.5,"ocean_post_title_bg_overlay_color":"","ocean_disable_breadcrumbs":"default","ocean_breadcrumbs_color":"","ocean_breadcrumbs_separator_color":"","ocean_breadcrumbs_links_color":"","ocean_breadcrumbs_links_hover_color":"","ocean_display_footer_widgets":"default","ocean_display_footer_bottom":"default","ocean_custom_footer_template":"0","ocean_post_oembed":"","ocean_post_self_hosted_media":"","ocean_post_video_embed":"","ocean_link_format":"","ocean_link_format_target":"self","ocean_quote_format":"","ocean_quote_format_link":"post","ocean_gallery_link_images":"on","ocean_gallery_id":[],"footnotes":""},"categories":[63],"tags":[],"class_list":["post-2631","post","type-post","status-publish","format-gallery","hentry","category-digitaliserung-digitalisation","post_format-post-format-gallery","entry"],"_links":{"self":[{"href":"https:\/\/europ-age.eu\/fr\/wp-json\/wp\/v2\/posts\/2631","targetHints":{"allow":["GET"]}}],"collection":[{"href":"https:\/\/europ-age.eu\/fr\/wp-json\/wp\/v2\/posts"}],"about":[{"href":"https:\/\/europ-age.eu\/fr\/wp-json\/wp\/v2\/types\/post"}],"author":[{"embeddable":true,"href":"https:\/\/europ-age.eu\/fr\/wp-json\/wp\/v2\/users\/3"}],"replies":[{"embeddable":true,"href":"https:\/\/europ-age.eu\/fr\/wp-json\/wp\/v2\/comments?post=2631"}],"version-history":[{"count":18,"href":"https:\/\/europ-age.eu\/fr\/wp-json\/wp\/v2\/posts\/2631\/revisions"}],"predecessor-version":[{"id":2842,"href":"https:\/\/europ-age.eu\/fr\/wp-json\/wp\/v2\/posts\/2631\/revisions\/2842"}],"wp:attachment":[{"href":"https:\/\/europ-age.eu\/fr\/wp-json\/wp\/v2\/media?parent=2631"}],"wp:term":[{"taxonomy":"category","embeddable":true,"href":"https:\/\/europ-age.eu\/fr\/wp-json\/wp\/v2\/categories?post=2631"},{"taxonomy":"post_tag","embeddable":true,"href":"https:\/\/europ-age.eu\/fr\/wp-json\/wp\/v2\/tags?post=2631"}],"curies":[{"name":"wp","href":"https:\/\/api.w.org\/{rel}","templated":true}]}}